{"id":21318,"date":"2024-05-29T08:51:39","date_gmt":"2024-05-29T06:51:39","guid":{"rendered":"https:\/\/telergon.gorlan.com\/?p=21318"},"modified":"2024-06-04T16:03:44","modified_gmt":"2024-06-04T14:03:44","slug":"exhibitor-intersolar-munich-europe-2024","status":"publish","type":"post","link":"https:\/\/telergon.gorlan.com\/en\/exhibitor-intersolar-munich-europe-2024\/","title":{"rendered":"We exhibit at the most important renewable energy exhibition in Europe: Intersolar Munich 2024"},"content":{"rendered":"","protected":false},"excerpt":{"rendered":"Come and visit us at Intersolar Europe 2024 at booth B4.458, and check out our specialized solutions in photovoltaics, energy storage and electric vehicles.","protected":false},"author":3,"featured_media":21334,"comment_status":"open","ping_status":"open","sticky":false,"template":"","format":"standard","meta":{"footnotes":""},"categories":[109,88,89],"tags":[],"acf":[],"yoast_head":"<!-- This site is optimized with the Yoast SEO Premium plugin v21.3 (Yoast SEO v22.5) - https:\/\/yoast.com\/wordpress\/plugins\/seo\/ -->\n<title>See you at Intersolar Europe 2024 | Telergon<\/title>\n<meta name=\"description\" content=\"Meet our latest news and releases for photovoltaics at booth B4.458 at Intersolar Europe 2024, June 16-21 in Munich.\" \/>\n<meta name=\"robots\" content=\"index, follow, max-snippet:-1, max-image-preview:large, max-video-preview:-1\" \/>\n<link rel=\"canonical\" href=\"https:\/\/telergon.gorlan.com\/en\/exhibitor-intersolar-munich-europe-2024\/\" \/>\n<meta property=\"og:locale\" content=\"en_US\" \/>\n<meta property=\"og:type\" content=\"article\" \/>\n<meta property=\"og:title\" content=\"We exhibit at the most important renewable energy exhibition in Europe: Intersolar Munich 2024\" \/>\n<meta property=\"og:description\" content=\"Meet our latest news and releases for photovoltaics at booth B4.458 at Intersolar Europe 2024, June 16-21 in Munich.\" \/>\n<meta property=\"og:url\" content=\"https:\/\/telergon.gorlan.com\/en\/exhibitor-intersolar-munich-europe-2024\/\" \/>\n<meta property=\"og:site_name\" content=\"Telergon\" \/>\n<meta property=\"article:published_time\" content=\"2024-05-29T06:51:39+00:00\" \/>\n<meta property=\"article:modified_time\" content=\"2024-06-04T14:03:44+00:00\" \/>\n<meta property=\"og:image\" content=\"https:\/\/telergon.gorlan.com\/wp-content\/uploads\/2024\/05\/Banner-WEB-Intersolar-Munich-2024-1200-x-627-px-1010-x-535-px.png\" \/>\n\t<meta property=\"og:image:width\" content=\"1010\" \/>\n\t<meta property=\"og:image:height\" content=\"535\" \/>\n\t<meta property=\"og:image:type\" content=\"image\/png\" \/>\n<meta name=\"author\" content=\"Sara Roche Agudo\" \/>\n<meta name=\"twitter:card\" content=\"summary_large_image\" \/>\n<meta name=\"twitter:label1\" content=\"Written by\" \/>\n\t<meta name=\"twitter:data1\" content=\"Sara Roche Agudo\" \/>\n\t<meta name=\"twitter:label2\" content=\"Est. reading time\" \/>\n\t<meta name=\"twitter:data2\" content=\"2 minutes\" \/>\n<script type=\"application\/ld+json\" class=\"yoast-schema-graph\">{\"@context\":\"https:\/\/schema.org\",\"@graph\":[{\"@type\":\"Article\",\"@id\":\"https:\/\/telergon.gorlan.com\/en\/exhibitor-intersolar-munich-europe-2024\/#article\",\"isPartOf\":{\"@id\":\"https:\/\/telergon.gorlan.com\/en\/exhibitor-intersolar-munich-europe-2024\/\"},\"author\":{\"name\":\"Sara Roche Agudo\",\"@id\":\"https:\/\/telergon.gorlan.com\/#\/schema\/person\/f735700cc7cd9cf2d6114cfbcff8f09c\"},\"headline\":\"We exhibit at the most important renewable energy exhibition in Europe: Intersolar Munich 2024\",\"datePublished\":\"2024-05-29T06:51:39+00:00\",\"dateModified\":\"2024-06-04T14:03:44+00:00\",\"mainEntityOfPage\":{\"@id\":\"https:\/\/telergon.gorlan.com\/en\/exhibitor-intersolar-munich-europe-2024\/\"},\"wordCount\":13,\"commentCount\":0,\"publisher\":{\"@id\":\"https:\/\/telergon.gorlan.com\/#organization\"},\"image\":{\"@id\":\"https:\/\/telergon.gorlan.com\/en\/exhibitor-intersolar-munich-europe-2024\/#primaryimage\"},\"thumbnailUrl\":\"https:\/\/telergon.gorlan.com\/wp-content\/uploads\/2024\/05\/Banner-WEB-Intersolar-Munich-2024-1200-x-627-px-1010-x-535-px.png\",\"articleSection\":[\"Events\",\"Green Energy\",\"Power distribution\"],\"inLanguage\":\"en-US\",\"potentialAction\":[{\"@type\":\"CommentAction\",\"name\":\"Comment\",\"target\":[\"https:\/\/telergon.gorlan.com\/en\/exhibitor-intersolar-munich-europe-2024\/#respond\"]}]},{\"@type\":\"WebPage\",\"@id\":\"https:\/\/telergon.gorlan.com\/en\/exhibitor-intersolar-munich-europe-2024\/\",\"url\":\"https:\/\/telergon.gorlan.com\/en\/exhibitor-intersolar-munich-europe-2024\/\",\"name\":\"See you at Intersolar Europe 2024 | Telergon\",\"isPartOf\":{\"@id\":\"https:\/\/telergon.gorlan.com\/#website\"},\"primaryImageOfPage\":{\"@id\":\"https:\/\/telergon.gorlan.com\/en\/exhibitor-intersolar-munich-europe-2024\/#primaryimage\"},\"image\":{\"@id\":\"https:\/\/telergon.gorlan.com\/en\/exhibitor-intersolar-munich-europe-2024\/#primaryimage\"},\"thumbnailUrl\":\"https:\/\/telergon.gorlan.com\/wp-content\/uploads\/2024\/05\/Banner-WEB-Intersolar-Munich-2024-1200-x-627-px-1010-x-535-px.png\",\"datePublished\":\"2024-05-29T06:51:39+00:00\",\"dateModified\":\"2024-06-04T14:03:44+00:00\",\"description\":\"Meet our latest news and releases for photovoltaics at booth B4.458 at Intersolar Europe 2024, June 16-21 in Munich.\",\"breadcrumb\":{\"@id\":\"https:\/\/telergon.gorlan.com\/en\/exhibitor-intersolar-munich-europe-2024\/#breadcrumb\"},\"inLanguage\":\"en-US\",\"potentialAction\":[{\"@type\":\"ReadAction\",\"target\":[\"https:\/\/telergon.gorlan.com\/en\/exhibitor-intersolar-munich-europe-2024\/\"]}]},{\"@type\":\"ImageObject\",\"inLanguage\":\"en-US\",\"@id\":\"https:\/\/telergon.gorlan.com\/en\/exhibitor-intersolar-munich-europe-2024\/#primaryimage\",\"url\":\"https:\/\/telergon.gorlan.com\/wp-content\/uploads\/2024\/05\/Banner-WEB-Intersolar-Munich-2024-1200-x-627-px-1010-x-535-px.png\",\"contentUrl\":\"https:\/\/telergon.gorlan.com\/wp-content\/uploads\/2024\/05\/Banner-WEB-Intersolar-Munich-2024-1200-x-627-px-1010-x-535-px.png\",\"width\":1010,\"height\":535},{\"@type\":\"BreadcrumbList\",\"@id\":\"https:\/\/telergon.gorlan.com\/en\/exhibitor-intersolar-munich-europe-2024\/#breadcrumb\",\"itemListElement\":[{\"@type\":\"ListItem\",\"position\":1,\"name\":\"Events\",\"item\":\"https:\/\/telergon.gorlan.com\/en\/category\/events\/\"},{\"@type\":\"ListItem\",\"position\":2,\"name\":\"We exhibit at the most important renewable energy exhibition in Europe: Intersolar Munich 2024\"}]},{\"@type\":\"WebSite\",\"@id\":\"https:\/\/telergon.gorlan.com\/#website\",\"url\":\"https:\/\/telergon.gorlan.com\/\",\"name\":\"Telergon\",\"description\":\"Dise\u00f1o y fabricaci\u00f3n de soluciones de seccionamiento y protecci\u00f3n en baja tensi\u00f3n\",\"publisher\":{\"@id\":\"https:\/\/telergon.gorlan.com\/#organization\"},\"potentialAction\":[{\"@type\":\"SearchAction\",\"target\":{\"@type\":\"EntryPoint\",\"urlTemplate\":\"https:\/\/telergon.gorlan.com\/?s={search_term_string}\"},\"query-input\":\"required name=search_term_string\"}],\"inLanguage\":\"en-US\"},{\"@type\":\"Organization\",\"@id\":\"https:\/\/telergon.gorlan.com\/#organization\",\"name\":\"Telergon\",\"url\":\"https:\/\/telergon.gorlan.com\/\",\"logo\":{\"@type\":\"ImageObject\",\"inLanguage\":\"en-US\",\"@id\":\"https:\/\/telergon.gorlan.com\/#\/schema\/logo\/image\/\",\"url\":\"https:\/\/telergon.gorlan.com\/wp-content\/uploads\/2022\/02\/resultado_defecto_telergon.jpg\",\"contentUrl\":\"https:\/\/telergon.gorlan.com\/wp-content\/uploads\/2022\/02\/resultado_defecto_telergon.jpg\",\"width\":944,\"height\":629,\"caption\":\"Telergon\"},\"image\":{\"@id\":\"https:\/\/telergon.gorlan.com\/#\/schema\/logo\/image\/\"}},{\"@type\":\"Person\",\"@id\":\"https:\/\/telergon.gorlan.com\/#\/schema\/person\/f735700cc7cd9cf2d6114cfbcff8f09c\",\"name\":\"Sara Roche Agudo\",\"url\":\"https:\/\/telergon.gorlan.com\/en\/author\/sara_gj7u6x\/\"}]}<\/script>\n<!-- \/ Yoast SEO Premium plugin. -->","yoast_head_json":{"title":"See you at Intersolar Europe 2024 | Telergon","description":"Meet our latest news and releases for photovoltaics at booth B4.458 at Intersolar Europe 2024, June 16-21 in Munich.","robots":{"index":"index","follow":"follow","max-snippet":"max-snippet:-1","max-image-preview":"max-image-preview:large","max-video-preview":"max-video-preview:-1"},"canonical":"https:\/\/telergon.gorlan.com\/en\/exhibitor-intersolar-munich-europe-2024\/","og_locale":"en_US","og_type":"article","og_title":"We exhibit at the most important renewable energy exhibition in Europe: Intersolar Munich 2024","og_description":"Meet our latest news and releases for photovoltaics at booth B4.458 at Intersolar Europe 2024, June 16-21 in Munich.","og_url":"https:\/\/telergon.gorlan.com\/en\/exhibitor-intersolar-munich-europe-2024\/","og_site_name":"Telergon","article_published_time":"2024-05-29T06:51:39+00:00","article_modified_time":"2024-06-04T14:03:44+00:00","og_image":[{"width":1010,"height":535,"url":"https:\/\/telergon.gorlan.com\/wp-content\/uploads\/2024\/05\/Banner-WEB-Intersolar-Munich-2024-1200-x-627-px-1010-x-535-px.png","type":"image\/png"}],"author":"Sara Roche Agudo","twitter_card":"summary_large_image","twitter_misc":{"Written by":"Sara Roche Agudo","Est. reading time":"2 minutes"},"schema":{"@context":"https:\/\/schema.org","@graph":[{"@type":"Article","@id":"https:\/\/telergon.gorlan.com\/en\/exhibitor-intersolar-munich-europe-2024\/#article","isPartOf":{"@id":"https:\/\/telergon.gorlan.com\/en\/exhibitor-intersolar-munich-europe-2024\/"},"author":{"name":"Sara Roche Agudo","@id":"https:\/\/telergon.gorlan.com\/#\/schema\/person\/f735700cc7cd9cf2d6114cfbcff8f09c"},"headline":"We exhibit at the most important renewable energy exhibition in Europe: Intersolar Munich 2024","datePublished":"2024-05-29T06:51:39+00:00","dateModified":"2024-06-04T14:03:44+00:00","mainEntityOfPage":{"@id":"https:\/\/telergon.gorlan.com\/en\/exhibitor-intersolar-munich-europe-2024\/"},"wordCount":13,"commentCount":0,"publisher":{"@id":"https:\/\/telergon.gorlan.com\/#organization"},"image":{"@id":"https:\/\/telergon.gorlan.com\/en\/exhibitor-intersolar-munich-europe-2024\/#primaryimage"},"thumbnailUrl":"https:\/\/telergon.gorlan.com\/wp-content\/uploads\/2024\/05\/Banner-WEB-Intersolar-Munich-2024-1200-x-627-px-1010-x-535-px.png","articleSection":["Events","Green Energy","Power distribution"],"inLanguage":"en-US","potentialAction":[{"@type":"CommentAction","name":"Comment","target":["https:\/\/telergon.gorlan.com\/en\/exhibitor-intersolar-munich-europe-2024\/#respond"]}]},{"@type":"WebPage","@id":"https:\/\/telergon.gorlan.com\/en\/exhibitor-intersolar-munich-europe-2024\/","url":"https:\/\/telergon.gorlan.com\/en\/exhibitor-intersolar-munich-europe-2024\/","name":"See you at Intersolar Europe 2024 | Telergon","isPartOf":{"@id":"https:\/\/telergon.gorlan.com\/#website"},"primaryImageOfPage":{"@id":"https:\/\/telergon.gorlan.com\/en\/exhibitor-intersolar-munich-europe-2024\/#primaryimage"},"image":{"@id":"https:\/\/telergon.gorlan.com\/en\/exhibitor-intersolar-munich-europe-2024\/#primaryimage"},"thumbnailUrl":"https:\/\/telergon.gorlan.com\/wp-content\/uploads\/2024\/05\/Banner-WEB-Intersolar-Munich-2024-1200-x-627-px-1010-x-535-px.png","datePublished":"2024-05-29T06:51:39+00:00","dateModified":"2024-06-04T14:03:44+00:00","description":"Meet our latest news and releases for photovoltaics at booth B4.458 at Intersolar Europe 2024, June 16-21 in Munich.","breadcrumb":{"@id":"https:\/\/telergon.gorlan.com\/en\/exhibitor-intersolar-munich-europe-2024\/#breadcrumb"},"inLanguage":"en-US","potentialAction":[{"@type":"ReadAction","target":["https:\/\/telergon.gorlan.com\/en\/exhibitor-intersolar-munich-europe-2024\/"]}]},{"@type":"ImageObject","inLanguage":"en-US","@id":"https:\/\/telergon.gorlan.com\/en\/exhibitor-intersolar-munich-europe-2024\/#primaryimage","url":"https:\/\/telergon.gorlan.com\/wp-content\/uploads\/2024\/05\/Banner-WEB-Intersolar-Munich-2024-1200-x-627-px-1010-x-535-px.png","contentUrl":"https:\/\/telergon.gorlan.com\/wp-content\/uploads\/2024\/05\/Banner-WEB-Intersolar-Munich-2024-1200-x-627-px-1010-x-535-px.png","width":1010,"height":535},{"@type":"BreadcrumbList","@id":"https:\/\/telergon.gorlan.com\/en\/exhibitor-intersolar-munich-europe-2024\/#breadcrumb","itemListElement":[{"@type":"ListItem","position":1,"name":"Events","item":"https:\/\/telergon.gorlan.com\/en\/category\/events\/"},{"@type":"ListItem","position":2,"name":"We exhibit at the most important renewable energy exhibition in Europe: Intersolar Munich 2024"}]},{"@type":"WebSite","@id":"https:\/\/telergon.gorlan.com\/#website","url":"https:\/\/telergon.gorlan.com\/","name":"Telergon","description":"Dise\u00f1o y fabricaci\u00f3n de soluciones de seccionamiento y protecci\u00f3n en baja tensi\u00f3n","publisher":{"@id":"https:\/\/telergon.gorlan.com\/#organization"},"potentialAction":[{"@type":"SearchAction","target":{"@type":"EntryPoint","urlTemplate":"https:\/\/telergon.gorlan.com\/?s={search_term_string}"},"query-input":"required name=search_term_string"}],"inLanguage":"en-US"},{"@type":"Organization","@id":"https:\/\/telergon.gorlan.com\/#organization","name":"Telergon","url":"https:\/\/telergon.gorlan.com\/","logo":{"@type":"ImageObject","inLanguage":"en-US","@id":"https:\/\/telergon.gorlan.com\/#\/schema\/logo\/image\/","url":"https:\/\/telergon.gorlan.com\/wp-content\/uploads\/2022\/02\/resultado_defecto_telergon.jpg","contentUrl":"https:\/\/telergon.gorlan.com\/wp-content\/uploads\/2022\/02\/resultado_defecto_telergon.jpg","width":944,"height":629,"caption":"Telergon"},"image":{"@id":"https:\/\/telergon.gorlan.com\/#\/schema\/logo\/image\/"}},{"@type":"Person","@id":"https:\/\/telergon.gorlan.com\/#\/schema\/person\/f735700cc7cd9cf2d6114cfbcff8f09c","name":"Sara Roche Agudo","url":"https:\/\/telergon.gorlan.com\/en\/author\/sara_gj7u6x\/"}]}},"_links":{"self":[{"href":"https:\/\/telergon.gorlan.com\/en\/wp-json\/wp\/v2\/posts\/21318"}],"collection":[{"href":"https:\/\/telergon.gorlan.com\/en\/wp-json\/wp\/v2\/posts"}],"about":[{"href":"https:\/\/telergon.gorlan.com\/en\/wp-json\/wp\/v2\/types\/post"}],"author":[{"embeddable":true,"href":"https:\/\/telergon.gorlan.com\/en\/wp-json\/wp\/v2\/users\/3"}],"replies":[{"embeddable":true,"href":"https:\/\/telergon.gorlan.com\/en\/wp-json\/wp\/v2\/comments?post=21318"}],"version-history":[{"count":3,"href":"https:\/\/telergon.gorlan.com\/en\/wp-json\/wp\/v2\/posts\/21318\/revisions"}],"predecessor-version":[{"id":21341,"href":"https:\/\/telergon.gorlan.com\/en\/wp-json\/wp\/v2\/posts\/21318\/revisions\/21341"}],"wp:featuredmedia":[{"embeddable":true,"href":"https:\/\/telergon.gorlan.com\/en\/wp-json\/wp\/v2\/media\/21334"}],"wp:attachment":[{"href":"https:\/\/telergon.gorlan.com\/en\/wp-json\/wp\/v2\/media?parent=21318"}],"wp:term":[{"taxonomy":"category","embeddable":true,"href":"https:\/\/telergon.gorlan.com\/en\/wp-json\/wp\/v2\/categories?post=21318"},{"taxonomy":"post_tag","embeddable":true,"href":"https:\/\/telergon.gorlan.com\/en\/wp-json\/wp\/v2\/tags?post=21318"}],"curies":[{"name":"wp","href":"https:\/\/api.w.org\/{rel}","templated":true}]}}