{"id":4098,"date":"2022-05-18T16:45:09","date_gmt":"2022-05-18T14:45:09","guid":{"rendered":"https:\/\/telergon.gorlan.com\/telergon-vuelve-a-hannover-messe-2022\/"},"modified":"2022-05-18T16:55:55","modified_gmt":"2022-05-18T14:55:55","slug":"telergon-comes-back-at-hannover-messe-2022","status":"publish","type":"post","link":"https:\/\/telergon.gorlan.com\/en\/telergon-comes-back-at-hannover-messe-2022\/","title":{"rendered":"Telergon comes back at Hannover-Messe 2022"},"content":{"rendered":"<p>From 30 May to 2 June you will be able to find us in <strong>Hall 12, Stand D03<\/strong>, together with <span style=\"color: #0c5a9e;\"><a style=\"color: #0c5a9e;\" href=\"http:\/\/www.pronutec.com\">Pronutec<\/a> <span style=\"color: #000000;\">and<\/span><\/span><span style=\"color: #000000;\">\u00a0<\/span><span style=\"color: #0c5a9e;\"><a style=\"color: #0c5a9e;\" href=\"http:\/\/www.merytronic.com\">Merytronic<\/a><\/span>.<\/p>\n<p>After a two-year break, this important event is back in person, with more than 2,500 exhibiting companies, tens of thousands of visitors, 700 presentations of new products, a full programme of conferences and networking.<\/p>\n<p>Come and visit our booth, where you could check out our latest releases: our fully range of modular and compact switch fuses M3 for industrial applications, switch-disconnector for photovoltaic installations 1500Vdc, and our AC high-performance switch-disconnector.<\/p>\n<ul>\n<li>30 May \u2013 2 June 2022<\/li>\n<li>Hannover-Messe<\/li>\n<li>Hall 012 Stand D03<\/li>\n<\/ul>\n<p>We look forward to seeing you. <a href=\"https:\/\/www.hannovermesse.de\/en\/?open=ticketRegistration&amp;code=SHxac\">Register now!<\/a><\/p>\n<p><a href=\"https:\/\/www.hannovermesse.de\/en\/application\/registration\/direct-entry-tickets-passes?code=S74mL\"><img decoding=\"async\" loading=\"lazy\" class=\"alignnone wp-image-4104 size-large\" src=\"https:\/\/telergon.gorlan.com\/wp-content\/uploads\/2022\/05\/Banner-Hannover-web_ENG-700x273.png\" alt=\"\" width=\"700\" height=\"273\" srcset=\"https:\/\/telergon.gorlan.com\/wp-content\/uploads\/2022\/05\/Banner-Hannover-web_ENG-700x273.png 700w, https:\/\/telergon.gorlan.com\/wp-content\/uploads\/2022\/05\/Banner-Hannover-web_ENG-250x97.png 250w, https:\/\/telergon.gorlan.com\/wp-content\/uploads\/2022\/05\/Banner-Hannover-web_ENG-768x299.png 768w, https:\/\/telergon.gorlan.com\/wp-content\/uploads\/2022\/05\/Banner-Hannover-web_ENG-1536x598.png 1536w, https:\/\/telergon.gorlan.com\/wp-content\/uploads\/2022\/05\/Banner-Hannover-web_ENG-120x47.png 120w, https:\/\/telergon.gorlan.com\/wp-content\/uploads\/2022\/05\/Banner-Hannover-web_ENG.png 2000w\" sizes=\"(max-width: 700px) 100vw, 700px\" \/><\/a><\/p>\n","protected":false},"excerpt":{"rendered":"From 30 May to 2 June you will be able to find us in Hall 12, Stand D03, together with Pronutec and\u00a0Merytronic. After a two-year break, this important event is back in person, with more than 2,500 exhibiting companies, tens of thousands of visitors, 700 presentations of new products, a full programme of conferences and&#8230; <a class=\"view-article\" href=\"https:\/\/telergon.gorlan.com\/en\/telergon-comes-back-at-hannover-messe-2022\/\">View Article<\/a>","protected":false},"author":3,"featured_media":4096,"comment_status":"open","ping_status":"open","sticky":false,"template":"","format":"standard","meta":{"footnotes":""},"categories":[72],"tags":[],"acf":[],"yoast_head":"<!-- This site is optimized with the Yoast SEO Premium plugin v21.3 (Yoast SEO v22.5) - https:\/\/yoast.com\/wordpress\/plugins\/seo\/ -->\n<title>Telergon comes back at Hannover-Messe 2022 | Telergon<\/title>\n<meta name=\"description\" content=\"From 30 May to 2 June you will be able to find us in Hall 12, Stand D03, together with Pronutec and\u00a0Merytronic. After a two-year break, this important\" \/>\n<meta name=\"robots\" content=\"index, follow, max-snippet:-1, max-image-preview:large, max-video-preview:-1\" \/>\n<link rel=\"canonical\" href=\"https:\/\/telergon.gorlan.com\/en\/telergon-comes-back-at-hannover-messe-2022\/\" \/>\n<meta property=\"og:locale\" content=\"en_US\" \/>\n<meta property=\"og:type\" content=\"article\" \/>\n<meta property=\"og:title\" content=\"Telergon comes back at Hannover-Messe 2022\" \/>\n<meta property=\"og:description\" content=\"From 30 May to 2 June you will be able to find us in Hall 12, Stand D03, together with Pronutec and\u00a0Merytronic. After a two-year break, this important\" \/>\n<meta property=\"og:url\" content=\"https:\/\/telergon.gorlan.com\/en\/telergon-comes-back-at-hannover-messe-2022\/\" \/>\n<meta property=\"og:site_name\" content=\"Telergon\" \/>\n<meta property=\"article:published_time\" content=\"2022-05-18T14:45:09+00:00\" \/>\n<meta property=\"article:modified_time\" content=\"2022-05-18T14:55:55+00:00\" \/>\n<meta property=\"og:image\" content=\"https:\/\/telergon.gorlan.com\/wp-content\/uploads\/2022\/05\/Banner-Hannover-web.png\" \/>\n\t<meta property=\"og:image:width\" content=\"400\" \/>\n\t<meta property=\"og:image:height\" content=\"202\" \/>\n\t<meta property=\"og:image:type\" content=\"image\/png\" \/>\n<meta name=\"author\" content=\"Sara Roche Agudo\" \/>\n<meta name=\"twitter:card\" content=\"summary_large_image\" \/>\n<meta name=\"twitter:label1\" content=\"Written by\" \/>\n\t<meta name=\"twitter:data1\" content=\"Sara Roche Agudo\" \/>\n\t<meta name=\"twitter:label2\" content=\"Est. reading time\" \/>\n\t<meta name=\"twitter:data2\" content=\"1 minute\" \/>\n<script type=\"application\/ld+json\" class=\"yoast-schema-graph\">{\"@context\":\"https:\/\/schema.org\",\"@graph\":[{\"@type\":\"Article\",\"@id\":\"https:\/\/telergon.gorlan.com\/en\/telergon-comes-back-at-hannover-messe-2022\/#article\",\"isPartOf\":{\"@id\":\"https:\/\/telergon.gorlan.com\/en\/telergon-comes-back-at-hannover-messe-2022\/\"},\"author\":{\"name\":\"Sara Roche Agudo\",\"@id\":\"https:\/\/telergon.gorlan.com\/#\/schema\/person\/f735700cc7cd9cf2d6114cfbcff8f09c\"},\"headline\":\"Telergon comes back at Hannover-Messe 2022\",\"datePublished\":\"2022-05-18T14:45:09+00:00\",\"dateModified\":\"2022-05-18T14:55:55+00:00\",\"mainEntityOfPage\":{\"@id\":\"https:\/\/telergon.gorlan.com\/en\/telergon-comes-back-at-hannover-messe-2022\/\"},\"wordCount\":107,\"commentCount\":0,\"publisher\":{\"@id\":\"https:\/\/telergon.gorlan.com\/#organization\"},\"image\":{\"@id\":\"https:\/\/telergon.gorlan.com\/en\/telergon-comes-back-at-hannover-messe-2022\/#primaryimage\"},\"thumbnailUrl\":\"https:\/\/telergon.gorlan.com\/wp-content\/uploads\/2022\/05\/Banner-Hannover-web.png\",\"articleSection\":[\"Corporate\"],\"inLanguage\":\"en-US\",\"potentialAction\":[{\"@type\":\"CommentAction\",\"name\":\"Comment\",\"target\":[\"https:\/\/telergon.gorlan.com\/en\/telergon-comes-back-at-hannover-messe-2022\/#respond\"]}]},{\"@type\":\"WebPage\",\"@id\":\"https:\/\/telergon.gorlan.com\/en\/telergon-comes-back-at-hannover-messe-2022\/\",\"url\":\"https:\/\/telergon.gorlan.com\/en\/telergon-comes-back-at-hannover-messe-2022\/\",\"name\":\"Telergon comes back at Hannover-Messe 2022 | Telergon\",\"isPartOf\":{\"@id\":\"https:\/\/telergon.gorlan.com\/#website\"},\"primaryImageOfPage\":{\"@id\":\"https:\/\/telergon.gorlan.com\/en\/telergon-comes-back-at-hannover-messe-2022\/#primaryimage\"},\"image\":{\"@id\":\"https:\/\/telergon.gorlan.com\/en\/telergon-comes-back-at-hannover-messe-2022\/#primaryimage\"},\"thumbnailUrl\":\"https:\/\/telergon.gorlan.com\/wp-content\/uploads\/2022\/05\/Banner-Hannover-web.png\",\"datePublished\":\"2022-05-18T14:45:09+00:00\",\"dateModified\":\"2022-05-18T14:55:55+00:00\",\"description\":\"From 30 May to 2 June you will be able to find us in Hall 12, Stand D03, together with Pronutec and\u00a0Merytronic. After a two-year break, this important\",\"breadcrumb\":{\"@id\":\"https:\/\/telergon.gorlan.com\/en\/telergon-comes-back-at-hannover-messe-2022\/#breadcrumb\"},\"inLanguage\":\"en-US\",\"potentialAction\":[{\"@type\":\"ReadAction\",\"target\":[\"https:\/\/telergon.gorlan.com\/en\/telergon-comes-back-at-hannover-messe-2022\/\"]}]},{\"@type\":\"ImageObject\",\"inLanguage\":\"en-US\",\"@id\":\"https:\/\/telergon.gorlan.com\/en\/telergon-comes-back-at-hannover-messe-2022\/#primaryimage\",\"url\":\"https:\/\/telergon.gorlan.com\/wp-content\/uploads\/2022\/05\/Banner-Hannover-web.png\",\"contentUrl\":\"https:\/\/telergon.gorlan.com\/wp-content\/uploads\/2022\/05\/Banner-Hannover-web.png\",\"width\":400,\"height\":202},{\"@type\":\"BreadcrumbList\",\"@id\":\"https:\/\/telergon.gorlan.com\/en\/telergon-comes-back-at-hannover-messe-2022\/#breadcrumb\",\"itemListElement\":[{\"@type\":\"ListItem\",\"position\":1,\"name\":\"Corporativo\",\"item\":\"https:\/\/telergon.gorlan.com\/categoria\/corporativo\/\"},{\"@type\":\"ListItem\",\"position\":2,\"name\":\"Telergon comes back at Hannover-Messe 2022\"}]},{\"@type\":\"WebSite\",\"@id\":\"https:\/\/telergon.gorlan.com\/#website\",\"url\":\"https:\/\/telergon.gorlan.com\/\",\"name\":\"Telergon\",\"description\":\"Dise\u00f1o y fabricaci\u00f3n de soluciones de seccionamiento y protecci\u00f3n en baja tensi\u00f3n\",\"publisher\":{\"@id\":\"https:\/\/telergon.gorlan.com\/#organization\"},\"potentialAction\":[{\"@type\":\"SearchAction\",\"target\":{\"@type\":\"EntryPoint\",\"urlTemplate\":\"https:\/\/telergon.gorlan.com\/?s={search_term_string}\"},\"query-input\":\"required name=search_term_string\"}],\"inLanguage\":\"en-US\"},{\"@type\":\"Organization\",\"@id\":\"https:\/\/telergon.gorlan.com\/#organization\",\"name\":\"Telergon\",\"url\":\"https:\/\/telergon.gorlan.com\/\",\"logo\":{\"@type\":\"ImageObject\",\"inLanguage\":\"en-US\",\"@id\":\"https:\/\/telergon.gorlan.com\/#\/schema\/logo\/image\/\",\"url\":\"https:\/\/telergon.gorlan.com\/wp-content\/uploads\/2022\/02\/resultado_defecto_telergon.jpg\",\"contentUrl\":\"https:\/\/telergon.gorlan.com\/wp-content\/uploads\/2022\/02\/resultado_defecto_telergon.jpg\",\"width\":944,\"height\":629,\"caption\":\"Telergon\"},\"image\":{\"@id\":\"https:\/\/telergon.gorlan.com\/#\/schema\/logo\/image\/\"}},{\"@type\":\"Person\",\"@id\":\"https:\/\/telergon.gorlan.com\/#\/schema\/person\/f735700cc7cd9cf2d6114cfbcff8f09c\",\"name\":\"Sara Roche Agudo\",\"url\":\"https:\/\/telergon.gorlan.com\/en\/author\/sara_gj7u6x\/\"}]}<\/script>\n<!-- \/ Yoast SEO Premium plugin. -->","yoast_head_json":{"title":"Telergon comes back at Hannover-Messe 2022 | Telergon","description":"From 30 May to 2 June you will be able to find us in Hall 12, Stand D03, together with Pronutec and\u00a0Merytronic. After a two-year break, this important","robots":{"index":"index","follow":"follow","max-snippet":"max-snippet:-1","max-image-preview":"max-image-preview:large","max-video-preview":"max-video-preview:-1"},"canonical":"https:\/\/telergon.gorlan.com\/en\/telergon-comes-back-at-hannover-messe-2022\/","og_locale":"en_US","og_type":"article","og_title":"Telergon comes back at Hannover-Messe 2022","og_description":"From 30 May to 2 June you will be able to find us in Hall 12, Stand D03, together with Pronutec and\u00a0Merytronic. After a two-year break, this important","og_url":"https:\/\/telergon.gorlan.com\/en\/telergon-comes-back-at-hannover-messe-2022\/","og_site_name":"Telergon","article_published_time":"2022-05-18T14:45:09+00:00","article_modified_time":"2022-05-18T14:55:55+00:00","og_image":[{"width":400,"height":202,"url":"https:\/\/telergon.gorlan.com\/wp-content\/uploads\/2022\/05\/Banner-Hannover-web.png","type":"image\/png"}],"author":"Sara Roche Agudo","twitter_card":"summary_large_image","twitter_misc":{"Written by":"Sara Roche Agudo","Est. reading time":"1 minute"},"schema":{"@context":"https:\/\/schema.org","@graph":[{"@type":"Article","@id":"https:\/\/telergon.gorlan.com\/en\/telergon-comes-back-at-hannover-messe-2022\/#article","isPartOf":{"@id":"https:\/\/telergon.gorlan.com\/en\/telergon-comes-back-at-hannover-messe-2022\/"},"author":{"name":"Sara Roche Agudo","@id":"https:\/\/telergon.gorlan.com\/#\/schema\/person\/f735700cc7cd9cf2d6114cfbcff8f09c"},"headline":"Telergon comes back at Hannover-Messe 2022","datePublished":"2022-05-18T14:45:09+00:00","dateModified":"2022-05-18T14:55:55+00:00","mainEntityOfPage":{"@id":"https:\/\/telergon.gorlan.com\/en\/telergon-comes-back-at-hannover-messe-2022\/"},"wordCount":107,"commentCount":0,"publisher":{"@id":"https:\/\/telergon.gorlan.com\/#organization"},"image":{"@id":"https:\/\/telergon.gorlan.com\/en\/telergon-comes-back-at-hannover-messe-2022\/#primaryimage"},"thumbnailUrl":"https:\/\/telergon.gorlan.com\/wp-content\/uploads\/2022\/05\/Banner-Hannover-web.png","articleSection":["Corporate"],"inLanguage":"en-US","potentialAction":[{"@type":"CommentAction","name":"Comment","target":["https:\/\/telergon.gorlan.com\/en\/telergon-comes-back-at-hannover-messe-2022\/#respond"]}]},{"@type":"WebPage","@id":"https:\/\/telergon.gorlan.com\/en\/telergon-comes-back-at-hannover-messe-2022\/","url":"https:\/\/telergon.gorlan.com\/en\/telergon-comes-back-at-hannover-messe-2022\/","name":"Telergon comes back at Hannover-Messe 2022 | Telergon","isPartOf":{"@id":"https:\/\/telergon.gorlan.com\/#website"},"primaryImageOfPage":{"@id":"https:\/\/telergon.gorlan.com\/en\/telergon-comes-back-at-hannover-messe-2022\/#primaryimage"},"image":{"@id":"https:\/\/telergon.gorlan.com\/en\/telergon-comes-back-at-hannover-messe-2022\/#primaryimage"},"thumbnailUrl":"https:\/\/telergon.gorlan.com\/wp-content\/uploads\/2022\/05\/Banner-Hannover-web.png","datePublished":"2022-05-18T14:45:09+00:00","dateModified":"2022-05-18T14:55:55+00:00","description":"From 30 May to 2 June you will be able to find us in Hall 12, Stand D03, together with Pronutec and\u00a0Merytronic. After a two-year break, this important","breadcrumb":{"@id":"https:\/\/telergon.gorlan.com\/en\/telergon-comes-back-at-hannover-messe-2022\/#breadcrumb"},"inLanguage":"en-US","potentialAction":[{"@type":"ReadAction","target":["https:\/\/telergon.gorlan.com\/en\/telergon-comes-back-at-hannover-messe-2022\/"]}]},{"@type":"ImageObject","inLanguage":"en-US","@id":"https:\/\/telergon.gorlan.com\/en\/telergon-comes-back-at-hannover-messe-2022\/#primaryimage","url":"https:\/\/telergon.gorlan.com\/wp-content\/uploads\/2022\/05\/Banner-Hannover-web.png","contentUrl":"https:\/\/telergon.gorlan.com\/wp-content\/uploads\/2022\/05\/Banner-Hannover-web.png","width":400,"height":202},{"@type":"BreadcrumbList","@id":"https:\/\/telergon.gorlan.com\/en\/telergon-comes-back-at-hannover-messe-2022\/#breadcrumb","itemListElement":[{"@type":"ListItem","position":1,"name":"Corporativo","item":"https:\/\/telergon.gorlan.com\/categoria\/corporativo\/"},{"@type":"ListItem","position":2,"name":"Telergon comes back at Hannover-Messe 2022"}]},{"@type":"WebSite","@id":"https:\/\/telergon.gorlan.com\/#website","url":"https:\/\/telergon.gorlan.com\/","name":"Telergon","description":"Dise\u00f1o y fabricaci\u00f3n de soluciones de seccionamiento y protecci\u00f3n en baja tensi\u00f3n","publisher":{"@id":"https:\/\/telergon.gorlan.com\/#organization"},"potentialAction":[{"@type":"SearchAction","target":{"@type":"EntryPoint","urlTemplate":"https:\/\/telergon.gorlan.com\/?s={search_term_string}"},"query-input":"required name=search_term_string"}],"inLanguage":"en-US"},{"@type":"Organization","@id":"https:\/\/telergon.gorlan.com\/#organization","name":"Telergon","url":"https:\/\/telergon.gorlan.com\/","logo":{"@type":"ImageObject","inLanguage":"en-US","@id":"https:\/\/telergon.gorlan.com\/#\/schema\/logo\/image\/","url":"https:\/\/telergon.gorlan.com\/wp-content\/uploads\/2022\/02\/resultado_defecto_telergon.jpg","contentUrl":"https:\/\/telergon.gorlan.com\/wp-content\/uploads\/2022\/02\/resultado_defecto_telergon.jpg","width":944,"height":629,"caption":"Telergon"},"image":{"@id":"https:\/\/telergon.gorlan.com\/#\/schema\/logo\/image\/"}},{"@type":"Person","@id":"https:\/\/telergon.gorlan.com\/#\/schema\/person\/f735700cc7cd9cf2d6114cfbcff8f09c","name":"Sara Roche Agudo","url":"https:\/\/telergon.gorlan.com\/en\/author\/sara_gj7u6x\/"}]}},"_links":{"self":[{"href":"https:\/\/telergon.gorlan.com\/en\/wp-json\/wp\/v2\/posts\/4098"}],"collection":[{"href":"https:\/\/telergon.gorlan.com\/en\/wp-json\/wp\/v2\/posts"}],"about":[{"href":"https:\/\/telergon.gorlan.com\/en\/wp-json\/wp\/v2\/types\/post"}],"author":[{"embeddable":true,"href":"https:\/\/telergon.gorlan.com\/en\/wp-json\/wp\/v2\/users\/3"}],"replies":[{"embeddable":true,"href":"https:\/\/telergon.gorlan.com\/en\/wp-json\/wp\/v2\/comments?post=4098"}],"version-history":[{"count":6,"href":"https:\/\/telergon.gorlan.com\/en\/wp-json\/wp\/v2\/posts\/4098\/revisions"}],"predecessor-version":[{"id":4110,"href":"https:\/\/telergon.gorlan.com\/en\/wp-json\/wp\/v2\/posts\/4098\/revisions\/4110"}],"wp:featuredmedia":[{"embeddable":true,"href":"https:\/\/telergon.gorlan.com\/en\/wp-json\/wp\/v2\/media\/4096"}],"wp:attachment":[{"href":"https:\/\/telergon.gorlan.com\/en\/wp-json\/wp\/v2\/media?parent=4098"}],"wp:term":[{"taxonomy":"category","embeddable":true,"href":"https:\/\/telergon.gorlan.com\/en\/wp-json\/wp\/v2\/categories?post=4098"},{"taxonomy":"post_tag","embeddable":true,"href":"https:\/\/telergon.gorlan.com\/en\/wp-json\/wp\/v2\/tags?post=4098"}],"curies":[{"name":"wp","href":"https:\/\/api.w.org\/{rel}","templated":true}]}}